 {"id":465,"date":"2025-10-01T12:40:08","date_gmt":"2025-10-01T10:40:08","guid":{"rendered":"http:\/\/dummy.xtemos.com\/woodmart2\/elementor\/?p=465"},"modified":"2025-10-03T11:51:38","modified_gmt":"2025-10-03T09:51:38","slug":"budapesti-nemzetkozi-konyvfesztival","status":"publish","type":"post","link":"https:\/\/bookly.pxltest.hu\/en\/budapesti-nemzetkozi-konyvfesztival\/","title":{"rendered":"Budapesti Nemzetk\u00f6zi K\u00f6nyvfesztiv\u00e1l"},"content":{"rendered":"\t\t<div data-elementor-type=\"wp-post\" data-elementor-id=\"465\" class=\"elementor elementor-465\" data-elementor-post-type=\"post\">\n\t\t\t\t<div class=\"wd-negative-gap elementor-element elementor-element-09ebdc5 e-flex e-con-boxed e-con e-parent\" data-id=\"09ebdc5\" data-element_type=\"container\" data-e-type=\"container\">\n\t\t\t\t\t<div class=\"e-con-inner\">\n\t\t\t\t<div class=\"elementor-element elementor-element-cdb7401 elementor-widget elementor-widget-wd_text_block\" data-id=\"cdb7401\" data-element_type=\"widget\" data-e-type=\"widget\" data-widget_type=\"wd_text_block.default\">\n\t\t\t\t<div class=\"elementor-widget-container\">\n\t\t\t\t\t\t\t<div class=\"wd-text-block reset-last-child text-left\">\n\t\t\t\n\t\t\t<p><strong>2025 okt\u00f3ber 2\u20135.<\/strong> k\u00f6z\u00f6tt ker\u00fcl sor a jubileumi 30. Budapesti Nemzetk\u00f6zi K\u00f6nyvfesztiv\u00e1lra a meg\u00fajult B\u00e1lna Honv\u00e9delmi K\u00f6zpontban.<\/p><p>A rendezv\u00e9ny K\u00f6z\u00e9p-Eur\u00f3pa egyik legjelent\u0151sebb k\u00f6nyves esem\u00e9nye, ahol tal\u00e1lkoznak kiad\u00f3k, \u00edr\u00f3k \u00e9s olvas\u00f3k.<\/p>\n\t\t\t\t\t<\/div>\n\t\t\t\t\t\t<\/div>\n\t\t\t\t<\/div>\n\t\t\t\t<div class=\"elementor-element elementor-element-474d0a8 wd-width-100 elementor-widget elementor-widget-wd_title\" data-id=\"474d0a8\" data-element_type=\"widget\" data-e-type=\"widget\" data-widget_type=\"wd_title.default\">\n\t\t\t\t<div class=\"elementor-widget-container\">\n\t\t\t\t\t\t\t<div class=\"title-wrapper wd-set-mb reset-last-child wd-title-color-primary wd-title-style-underlined wd-title-size-small text-left\">\n\n\t\t\t\n\t\t\t<div class=\"liner-continer\">\n\t\t\t\t<h4 class=\"woodmart-title-container title wd-fontsize-m\">Mi\u00e9rt \u00e9rdemes ell\u00e1togatni a Budapesti Nemzetk\u00f6zi K\u00f6nyvfesztiv\u00e1lra?<\/h4> \n\t\t\t\t\t\t\t<\/div>\n\n\t\t\t\t\t<\/div>\n\t\t\t\t\t\t<\/div>\n\t\t\t\t<\/div>\n\t\t\t\t<div class=\"elementor-element elementor-element-968fa63 elementor-widget elementor-widget-wd_text_block\" data-id=\"968fa63\" data-element_type=\"widget\" data-e-type=\"widget\" data-widget_type=\"wd_text_block.default\">\n\t\t\t\t<div class=\"elementor-widget-container\">\n\t\t\t\t\t\t\t<div class=\"wd-text-block reset-last-child text-left\">\n\t\t\t\n\t\t\t<p>Mert ez az a hely, ahol els\u0151k\u00e9nt fedezheted fel a leg\u00fajabb k\u00f6nyveket, tal\u00e1lkozhatsz kedvenc szerz\u0151iddel, dedik\u00e1ltathatod a k\u00f6teteidet, \u00e9s r\u00e9sze lehetsz K\u00f6z\u00e9p-Eur\u00f3pa egyik legnagyobb irodalmi \u00fcnnep\u00e9nek. A k\u00f6nyvfesztiv\u00e1l nemcsak szakmai tal\u00e1lkoz\u00f3, hanem igazi kultur\u00e1lis \u00e9lm\u00e9ny minden k\u00f6nyvbar\u00e1t sz\u00e1m\u00e1ra.<\/p>\n\t\t\t\t\t<\/div>\n\t\t\t\t\t\t<\/div>\n\t\t\t\t<\/div>\n\t\t\t\t<div class=\"elementor-element elementor-element-c182e22 elementor-widget elementor-widget-wd_image_or_svg\" data-id=\"c182e22\" data-element_type=\"widget\" data-e-type=\"widget\" data-widget_type=\"wd_image_or_svg.default\">\n\t\t\t\t<div class=\"elementor-widget-container\">\n\t\t\t\t\t\n\t\t<div class=\"wd-image text-left photoswipe-images\">\n\t\t\t\t\t\t\t<a  href=\"https:\/\/bookly.pxltest.hu\/wp-content\/uploads\/2021\/08\/ChatGPT-Image-Oct-2-2025-06_13_44-AM.png\"data-width=\"1536\" data-height=\"1024\" data-elementor-open-lightbox=\"no\" aria-label=\"Image link\">\n\t\t\t\t\t\t\t\t<img loading=\"lazy\" decoding=\"async\" width=\"1536\" height=\"1024\" src=\"https:\/\/bookly.pxltest.hu\/wp-content\/uploads\/2021\/08\/ChatGPT-Image-Oct-2-2025-06_13_44-AM.png\" class=\"attachment-full size-full\" alt=\"\" srcset=\"https:\/\/bookly.pxltest.hu\/wp-content\/uploads\/2021\/08\/ChatGPT-Image-Oct-2-2025-06_13_44-AM.png 1536w, https:\/\/bookly.pxltest.hu\/wp-content\/uploads\/2021\/08\/ChatGPT-Image-Oct-2-2025-06_13_44-AM-430x287.png 430w, https:\/\/bookly.pxltest.hu\/wp-content\/uploads\/2021\/08\/ChatGPT-Image-Oct-2-2025-06_13_44-AM-150x100.png 150w, https:\/\/bookly.pxltest.hu\/wp-content\/uploads\/2021\/08\/ChatGPT-Image-Oct-2-2025-06_13_44-AM-700x467.png 700w, https:\/\/bookly.pxltest.hu\/wp-content\/uploads\/2021\/08\/ChatGPT-Image-Oct-2-2025-06_13_44-AM-400x267.png 400w, https:\/\/bookly.pxltest.hu\/wp-content\/uploads\/2021\/08\/ChatGPT-Image-Oct-2-2025-06_13_44-AM-1200x800.png 1200w, https:\/\/bookly.pxltest.hu\/wp-content\/uploads\/2021\/08\/ChatGPT-Image-Oct-2-2025-06_13_44-AM-768x512.png 768w\" sizes=\"auto, (max-width: 1536px) 100vw, 1536px\" \/>\t\t\t\t\t\t\t<\/a>\n\t\t\t\t\t<\/div>\n\n\t\t\t\t\t\t<\/div>\n\t\t\t\t<\/div>\n\t\t\t\t<div class=\"elementor-element elementor-element-ba7397d wd-width-100 elementor-widget elementor-widget-wd_title\" data-id=\"ba7397d\" data-element_type=\"widget\" data-e-type=\"widget\" data-widget_type=\"wd_title.default\">\n\t\t\t\t<div class=\"elementor-widget-container\">\n\t\t\t\t\t\t\t<div class=\"title-wrapper wd-set-mb reset-last-child wd-title-color-primary wd-title-style-underlined wd-title-size-small text-left\">\n\n\t\t\t\n\t\t\t<div class=\"liner-continer\">\n\t\t\t\t<h4 class=\"woodmart-title-container title wd-fontsize-m\">D\u00edszvend\u00e9g<\/h4> \n\t\t\t\t\t\t\t<\/div>\n\n\t\t\t\t\t<\/div>\n\t\t\t\t\t\t<\/div>\n\t\t\t\t<\/div>\n\t\t\t\t<div class=\"elementor-element elementor-element-89eaafe elementor-widget elementor-widget-wd_text_block\" data-id=\"89eaafe\" data-element_type=\"widget\" data-e-type=\"widget\" data-widget_type=\"wd_text_block.default\">\n\t\t\t\t<div class=\"elementor-widget-container\">\n\t\t\t\t\t\t\t<div class=\"wd-text-block reset-last-child text-left\">\n\t\t\t\n\t\t\t<p>A 30. Budapesti Nemzetk\u00f6zi K\u00f6nyvfesztiv\u00e1l d\u00edszvend\u00e9ge <strong data-start=\"145\" data-end=\"161\">Janne Teller<\/strong>, a vil\u00e1gh\u00edr\u0171 d\u00e1n \u00edr\u00f3n\u0151, akinek m\u0171vei t\u00f6bb mint h\u00fasz nyelven jelentek meg. Legismertebb reg\u00e9nye, a <em data-start=\"265\" data-end=\"272\">Semmi<\/em> (<em data-start=\"274\" data-end=\"283\">Nothing<\/em>) gener\u00e1ci\u00f3k kedvenc olvasm\u00e1nya lett, provokat\u00edv gondolataival \u00e9s m\u00e9ly filoz\u00f3fiai k\u00e9rd\u00e9seivel.\u00a0<\/p>\n\t\t\t\t\t<\/div>\n\t\t\t\t\t\t<\/div>\n\t\t\t\t<\/div>\n\t\t\t\t<div class=\"elementor-element elementor-element-ffdc5f9 elementor-widget elementor-widget-wd_image_or_svg\" data-id=\"ffdc5f9\" data-element_type=\"widget\" data-e-type=\"widget\" data-widget_type=\"wd_image_or_svg.default\">\n\t\t\t\t<div class=\"elementor-widget-container\">\n\t\t\t\t\t\n\t\t<div class=\"wd-image text-left photoswipe-images\">\n\t\t\t\t\t\t\t<a  href=\"https:\/\/bookly.pxltest.hu\/wp-content\/uploads\/2021\/08\/ChatGPT-Image-Oct-2-2025-06_13_49-AM.png\"data-width=\"1536\" data-height=\"1024\" data-elementor-open-lightbox=\"no\" aria-label=\"Image link\">\n\t\t\t\t\t\t\t\t<img loading=\"lazy\" decoding=\"async\" width=\"1536\" height=\"1024\" src=\"https:\/\/bookly.pxltest.hu\/wp-content\/uploads\/2021\/08\/ChatGPT-Image-Oct-2-2025-06_13_49-AM.png\" class=\"attachment-full size-full\" alt=\"\" srcset=\"https:\/\/bookly.pxltest.hu\/wp-content\/uploads\/2021\/08\/ChatGPT-Image-Oct-2-2025-06_13_49-AM.png 1536w, https:\/\/bookly.pxltest.hu\/wp-content\/uploads\/2021\/08\/ChatGPT-Image-Oct-2-2025-06_13_49-AM-430x287.png 430w, https:\/\/bookly.pxltest.hu\/wp-content\/uploads\/2021\/08\/ChatGPT-Image-Oct-2-2025-06_13_49-AM-150x100.png 150w, https:\/\/bookly.pxltest.hu\/wp-content\/uploads\/2021\/08\/ChatGPT-Image-Oct-2-2025-06_13_49-AM-700x467.png 700w, https:\/\/bookly.pxltest.hu\/wp-content\/uploads\/2021\/08\/ChatGPT-Image-Oct-2-2025-06_13_49-AM-400x267.png 400w, https:\/\/bookly.pxltest.hu\/wp-content\/uploads\/2021\/08\/ChatGPT-Image-Oct-2-2025-06_13_49-AM-1200x800.png 1200w, https:\/\/bookly.pxltest.hu\/wp-content\/uploads\/2021\/08\/ChatGPT-Image-Oct-2-2025-06_13_49-AM-768x512.png 768w\" sizes=\"auto, (max-width: 1536px) 100vw, 1536px\" \/>\t\t\t\t\t\t\t<\/a>\n\t\t\t\t\t<\/div>\n\n\t\t\t\t\t\t<\/div>\n\t\t\t\t<\/div>\n\t\t\t\t\t<\/div>\n\t\t\t\t<\/div>\n\t\t\t\t<\/div>\n\t\t","protected":false},"excerpt":{"rendered":"<p>2025 okt\u00f3ber 2\u20135. k\u00f6z\u00f6tt ker\u00fcl sor a jubileumi 30. Budapesti Nemzetk\u00f6zi K\u00f6nyvfesztiv\u00e1lra a meg\u00fajult B\u00e1lna Honv\u00e9delmi K\u00f6zpontban. A rendezv\u00e9ny K\u00f6z\u00e9p-Eur\u00f3pa<\/p>\n","protected":false},"author":1,"featured_media":29446,"comment_status":"open","ping_status":"closed","sticky":false,"template":"","format":"standard","meta":{"footnotes":""},"categories":[19],"tags":[],"class_list":["post-465","post","type-post","status-publish","format-standard","has-post-thumbnail","hentry","category-inspiration"],"yoast_head":"<!-- This site is optimized with the Yoast SEO plugin v26.9 - https:\/\/yoast.com\/product\/yoast-seo-wordpress\/ -->\n<title>Budapesti Nemzetk\u00f6zi K\u00f6nyvfesztiv\u00e1l - Livrana<\/title>\n<meta name=\"robots\" content=\"noindex, follow, max-snippet:-1, max-image-preview:large, max-video-preview:-1\" \/>\n<meta property=\"og:locale\" content=\"en_US\" \/>\n<meta property=\"og:type\" content=\"article\" \/>\n<meta property=\"og:title\" content=\"Budapesti Nemzetk\u00f6zi K\u00f6nyvfesztiv\u00e1l - Livrana\" \/>\n<meta property=\"og:description\" content=\"2025 okt\u00f3ber 2\u20135. k\u00f6z\u00f6tt ker\u00fcl sor a jubileumi 30. Budapesti Nemzetk\u00f6zi K\u00f6nyvfesztiv\u00e1lra a meg\u00fajult B\u00e1lna Honv\u00e9delmi K\u00f6zpontban. A rendezv\u00e9ny K\u00f6z\u00e9p-Eur\u00f3pa\" \/>\n<meta property=\"og:url\" content=\"https:\/\/bookly.pxltest.hu\/en\/budapesti-nemzetkozi-konyvfesztival\/\" \/>\n<meta property=\"og:site_name\" content=\"Livrana\" \/>\n<meta property=\"article:published_time\" content=\"2025-10-01T10:40:08+00:00\" \/>\n<meta property=\"article:modified_time\" content=\"2025-10-03T09:51:38+00:00\" \/>\n<meta property=\"og:image\" content=\"https:\/\/bookly.pxltest.hu\/wp-content\/uploads\/2021\/08\/ChatGPT-Image-Oct-2-2025-05_59_48-AM.png\" \/>\n\t<meta property=\"og:image:width\" content=\"1024\" \/>\n\t<meta property=\"og:image:height\" content=\"1024\" \/>\n\t<meta property=\"og:image:type\" content=\"image\/png\" \/>\n<meta name=\"author\" content=\"admin\" \/>\n<meta name=\"twitter:card\" content=\"summary_large_image\" \/>\n<meta name=\"twitter:label1\" content=\"Written by\" \/>\n\t<meta name=\"twitter:data1\" content=\"admin\" \/>\n\t<meta name=\"twitter:label2\" content=\"Est. reading time\" \/>\n\t<meta name=\"twitter:data2\" content=\"2 minutes\" \/>\n<script type=\"application\/ld+json\" class=\"yoast-schema-graph\">{\"@context\":\"https:\/\/schema.org\",\"@graph\":[{\"@type\":\"Article\",\"@id\":\"https:\/\/bookly.pxltest.hu\/en\/budapesti-nemzetkozi-konyvfesztival\/#article\",\"isPartOf\":{\"@id\":\"https:\/\/bookly.pxltest.hu\/en\/budapesti-nemzetkozi-konyvfesztival\/\"},\"author\":{\"name\":\"admin\",\"@id\":\"https:\/\/bookly.pxltest.hu\/en\/#\/schema\/person\/67ab55830f5894af7ff68ff8ba575c6c\"},\"headline\":\"Budapesti Nemzetk\u00f6zi K\u00f6nyvfesztiv\u00e1l\",\"datePublished\":\"2025-10-01T10:40:08+00:00\",\"dateModified\":\"2025-10-03T09:51:38+00:00\",\"mainEntityOfPage\":{\"@id\":\"https:\/\/bookly.pxltest.hu\/en\/budapesti-nemzetkozi-konyvfesztival\/\"},\"wordCount\":185,\"commentCount\":0,\"publisher\":{\"@id\":\"https:\/\/bookly.pxltest.hu\/en\/#organization\"},\"image\":{\"@id\":\"https:\/\/bookly.pxltest.hu\/en\/budapesti-nemzetkozi-konyvfesztival\/#primaryimage\"},\"thumbnailUrl\":\"https:\/\/bookly.pxltest.hu\/wp-content\/uploads\/2021\/08\/ChatGPT-Image-Oct-2-2025-05_59_48-AM.png\",\"articleSection\":[\"Inspiration\"],\"inLanguage\":\"en-US\",\"potentialAction\":[{\"@type\":\"CommentAction\",\"name\":\"Comment\",\"target\":[\"https:\/\/bookly.pxltest.hu\/en\/budapesti-nemzetkozi-konyvfesztival\/#respond\"]}]},{\"@type\":\"WebPage\",\"@id\":\"https:\/\/bookly.pxltest.hu\/en\/budapesti-nemzetkozi-konyvfesztival\/\",\"url\":\"https:\/\/bookly.pxltest.hu\/en\/budapesti-nemzetkozi-konyvfesztival\/\",\"name\":\"Budapesti Nemzetk\u00f6zi K\u00f6nyvfesztiv\u00e1l - Livrana\",\"isPartOf\":{\"@id\":\"https:\/\/bookly.pxltest.hu\/en\/#website\"},\"primaryImageOfPage\":{\"@id\":\"https:\/\/bookly.pxltest.hu\/en\/budapesti-nemzetkozi-konyvfesztival\/#primaryimage\"},\"image\":{\"@id\":\"https:\/\/bookly.pxltest.hu\/en\/budapesti-nemzetkozi-konyvfesztival\/#primaryimage\"},\"thumbnailUrl\":\"https:\/\/bookly.pxltest.hu\/wp-content\/uploads\/2021\/08\/ChatGPT-Image-Oct-2-2025-05_59_48-AM.png\",\"datePublished\":\"2025-10-01T10:40:08+00:00\",\"dateModified\":\"2025-10-03T09:51:38+00:00\",\"breadcrumb\":{\"@id\":\"https:\/\/bookly.pxltest.hu\/en\/budapesti-nemzetkozi-konyvfesztival\/#breadcrumb\"},\"inLanguage\":\"en-US\",\"potentialAction\":[{\"@type\":\"ReadAction\",\"target\":[\"https:\/\/bookly.pxltest.hu\/en\/budapesti-nemzetkozi-konyvfesztival\/\"]}]},{\"@type\":\"ImageObject\",\"inLanguage\":\"en-US\",\"@id\":\"https:\/\/bookly.pxltest.hu\/en\/budapesti-nemzetkozi-konyvfesztival\/#primaryimage\",\"url\":\"https:\/\/bookly.pxltest.hu\/wp-content\/uploads\/2021\/08\/ChatGPT-Image-Oct-2-2025-05_59_48-AM.png\",\"contentUrl\":\"https:\/\/bookly.pxltest.hu\/wp-content\/uploads\/2021\/08\/ChatGPT-Image-Oct-2-2025-05_59_48-AM.png\",\"width\":1024,\"height\":1024},{\"@type\":\"BreadcrumbList\",\"@id\":\"https:\/\/bookly.pxltest.hu\/en\/budapesti-nemzetkozi-konyvfesztival\/#breadcrumb\",\"itemListElement\":[{\"@type\":\"ListItem\",\"position\":1,\"name\":\"Kezd\u0151lap\",\"item\":\"https:\/\/bookly.pxltest.hu\/en\/\"},{\"@type\":\"ListItem\",\"position\":2,\"name\":\"Inspiration\",\"item\":\"https:\/\/bookly.pxltest.hu\/category\/inspiration\/\"},{\"@type\":\"ListItem\",\"position\":3,\"name\":\"Budapesti Nemzetk\u00f6zi K\u00f6nyvfesztiv\u00e1l\"}]},{\"@type\":\"WebSite\",\"@id\":\"https:\/\/bookly.pxltest.hu\/en\/#website\",\"url\":\"https:\/\/bookly.pxltest.hu\/en\/\",\"name\":\"Livrana\",\"description\":\"\",\"publisher\":{\"@id\":\"https:\/\/bookly.pxltest.hu\/en\/#organization\"},\"potentialAction\":[{\"@type\":\"SearchAction\",\"target\":{\"@type\":\"EntryPoint\",\"urlTemplate\":\"https:\/\/bookly.pxltest.hu\/en\/?s={search_term_string}\"},\"query-input\":{\"@type\":\"PropertyValueSpecification\",\"valueRequired\":true,\"valueName\":\"search_term_string\"}}],\"inLanguage\":\"en-US\"},{\"@type\":\"Organization\",\"@id\":\"https:\/\/bookly.pxltest.hu\/en\/#organization\",\"name\":\"Livrana\",\"url\":\"https:\/\/bookly.pxltest.hu\/en\/\",\"logo\":{\"@type\":\"ImageObject\",\"inLanguage\":\"en-US\",\"@id\":\"https:\/\/bookly.pxltest.hu\/en\/#\/schema\/logo\/image\/\",\"url\":\"https:\/\/bookly.pxltest.hu\/wp-content\/uploads\/2025\/09\/Livrana-2.svg\",\"contentUrl\":\"https:\/\/bookly.pxltest.hu\/wp-content\/uploads\/2025\/09\/Livrana-2.svg\",\"width\":375,\"height\":374,\"caption\":\"Livrana\"},\"image\":{\"@id\":\"https:\/\/bookly.pxltest.hu\/en\/#\/schema\/logo\/image\/\"}},{\"@type\":\"Person\",\"@id\":\"https:\/\/bookly.pxltest.hu\/en\/#\/schema\/person\/67ab55830f5894af7ff68ff8ba575c6c\",\"name\":\"admin\",\"image\":{\"@type\":\"ImageObject\",\"inLanguage\":\"en-US\",\"@id\":\"https:\/\/bookly.pxltest.hu\/en\/#\/schema\/person\/image\/\",\"url\":\"https:\/\/secure.gravatar.com\/avatar\/0b3ccf8dc34c32095050036e64d9b114c2db03daea221e1e7739d1d82c4a234a?s=96&d=mm&r=g\",\"contentUrl\":\"https:\/\/secure.gravatar.com\/avatar\/0b3ccf8dc34c32095050036e64d9b114c2db03daea221e1e7739d1d82c4a234a?s=96&d=mm&r=g\",\"caption\":\"admin\"},\"sameAs\":[\"https:\/\/bookly.pxltest.hu\"],\"url\":\"https:\/\/bookly.pxltest.hu\/en\/author\/plpk_bookly\/\"}]}<\/script>\n<!-- \/ Yoast SEO plugin. -->","yoast_head_json":{"title":"Budapesti Nemzetk\u00f6zi K\u00f6nyvfesztiv\u00e1l - Livrana","robots":{"index":"noindex","follow":"follow","max-snippet":"max-snippet:-1","max-image-preview":"max-image-preview:large","max-video-preview":"max-video-preview:-1"},"og_locale":"en_US","og_type":"article","og_title":"Budapesti Nemzetk\u00f6zi K\u00f6nyvfesztiv\u00e1l - Livrana","og_description":"2025 okt\u00f3ber 2\u20135. k\u00f6z\u00f6tt ker\u00fcl sor a jubileumi 30. Budapesti Nemzetk\u00f6zi K\u00f6nyvfesztiv\u00e1lra a meg\u00fajult B\u00e1lna Honv\u00e9delmi K\u00f6zpontban. A rendezv\u00e9ny K\u00f6z\u00e9p-Eur\u00f3pa","og_url":"https:\/\/bookly.pxltest.hu\/en\/budapesti-nemzetkozi-konyvfesztival\/","og_site_name":"Livrana","article_published_time":"2025-10-01T10:40:08+00:00","article_modified_time":"2025-10-03T09:51:38+00:00","og_image":[{"width":1024,"height":1024,"url":"https:\/\/bookly.pxltest.hu\/wp-content\/uploads\/2021\/08\/ChatGPT-Image-Oct-2-2025-05_59_48-AM.png","type":"image\/png"}],"author":"admin","twitter_card":"summary_large_image","twitter_misc":{"Written by":"admin","Est. reading time":"2 minutes"},"schema":{"@context":"https:\/\/schema.org","@graph":[{"@type":"Article","@id":"https:\/\/bookly.pxltest.hu\/en\/budapesti-nemzetkozi-konyvfesztival\/#article","isPartOf":{"@id":"https:\/\/bookly.pxltest.hu\/en\/budapesti-nemzetkozi-konyvfesztival\/"},"author":{"name":"admin","@id":"https:\/\/bookly.pxltest.hu\/en\/#\/schema\/person\/67ab55830f5894af7ff68ff8ba575c6c"},"headline":"Budapesti Nemzetk\u00f6zi K\u00f6nyvfesztiv\u00e1l","datePublished":"2025-10-01T10:40:08+00:00","dateModified":"2025-10-03T09:51:38+00:00","mainEntityOfPage":{"@id":"https:\/\/bookly.pxltest.hu\/en\/budapesti-nemzetkozi-konyvfesztival\/"},"wordCount":185,"commentCount":0,"publisher":{"@id":"https:\/\/bookly.pxltest.hu\/en\/#organization"},"image":{"@id":"https:\/\/bookly.pxltest.hu\/en\/budapesti-nemzetkozi-konyvfesztival\/#primaryimage"},"thumbnailUrl":"https:\/\/bookly.pxltest.hu\/wp-content\/uploads\/2021\/08\/ChatGPT-Image-Oct-2-2025-05_59_48-AM.png","articleSection":["Inspiration"],"inLanguage":"en-US","potentialAction":[{"@type":"CommentAction","name":"Comment","target":["https:\/\/bookly.pxltest.hu\/en\/budapesti-nemzetkozi-konyvfesztival\/#respond"]}]},{"@type":"WebPage","@id":"https:\/\/bookly.pxltest.hu\/en\/budapesti-nemzetkozi-konyvfesztival\/","url":"https:\/\/bookly.pxltest.hu\/en\/budapesti-nemzetkozi-konyvfesztival\/","name":"Budapesti Nemzetk\u00f6zi K\u00f6nyvfesztiv\u00e1l - Livrana","isPartOf":{"@id":"https:\/\/bookly.pxltest.hu\/en\/#website"},"primaryImageOfPage":{"@id":"https:\/\/bookly.pxltest.hu\/en\/budapesti-nemzetkozi-konyvfesztival\/#primaryimage"},"image":{"@id":"https:\/\/bookly.pxltest.hu\/en\/budapesti-nemzetkozi-konyvfesztival\/#primaryimage"},"thumbnailUrl":"https:\/\/bookly.pxltest.hu\/wp-content\/uploads\/2021\/08\/ChatGPT-Image-Oct-2-2025-05_59_48-AM.png","datePublished":"2025-10-01T10:40:08+00:00","dateModified":"2025-10-03T09:51:38+00:00","breadcrumb":{"@id":"https:\/\/bookly.pxltest.hu\/en\/budapesti-nemzetkozi-konyvfesztival\/#breadcrumb"},"inLanguage":"en-US","potentialAction":[{"@type":"ReadAction","target":["https:\/\/bookly.pxltest.hu\/en\/budapesti-nemzetkozi-konyvfesztival\/"]}]},{"@type":"ImageObject","inLanguage":"en-US","@id":"https:\/\/bookly.pxltest.hu\/en\/budapesti-nemzetkozi-konyvfesztival\/#primaryimage","url":"https:\/\/bookly.pxltest.hu\/wp-content\/uploads\/2021\/08\/ChatGPT-Image-Oct-2-2025-05_59_48-AM.png","contentUrl":"https:\/\/bookly.pxltest.hu\/wp-content\/uploads\/2021\/08\/ChatGPT-Image-Oct-2-2025-05_59_48-AM.png","width":1024,"height":1024},{"@type":"BreadcrumbList","@id":"https:\/\/bookly.pxltest.hu\/en\/budapesti-nemzetkozi-konyvfesztival\/#breadcrumb","itemListElement":[{"@type":"ListItem","position":1,"name":"Kezd\u0151lap","item":"https:\/\/bookly.pxltest.hu\/en\/"},{"@type":"ListItem","position":2,"name":"Inspiration","item":"https:\/\/bookly.pxltest.hu\/category\/inspiration\/"},{"@type":"ListItem","position":3,"name":"Budapesti Nemzetk\u00f6zi K\u00f6nyvfesztiv\u00e1l"}]},{"@type":"WebSite","@id":"https:\/\/bookly.pxltest.hu\/en\/#website","url":"https:\/\/bookly.pxltest.hu\/en\/","name":"Livrana","description":"","publisher":{"@id":"https:\/\/bookly.pxltest.hu\/en\/#organization"},"potentialAction":[{"@type":"SearchAction","target":{"@type":"EntryPoint","urlTemplate":"https:\/\/bookly.pxltest.hu\/en\/?s={search_term_string}"},"query-input":{"@type":"PropertyValueSpecification","valueRequired":true,"valueName":"search_term_string"}}],"inLanguage":"en-US"},{"@type":"Organization","@id":"https:\/\/bookly.pxltest.hu\/en\/#organization","name":"Livrana","url":"https:\/\/bookly.pxltest.hu\/en\/","logo":{"@type":"ImageObject","inLanguage":"en-US","@id":"https:\/\/bookly.pxltest.hu\/en\/#\/schema\/logo\/image\/","url":"https:\/\/bookly.pxltest.hu\/wp-content\/uploads\/2025\/09\/Livrana-2.svg","contentUrl":"https:\/\/bookly.pxltest.hu\/wp-content\/uploads\/2025\/09\/Livrana-2.svg","width":375,"height":374,"caption":"Livrana"},"image":{"@id":"https:\/\/bookly.pxltest.hu\/en\/#\/schema\/logo\/image\/"}},{"@type":"Person","@id":"https:\/\/bookly.pxltest.hu\/en\/#\/schema\/person\/67ab55830f5894af7ff68ff8ba575c6c","name":"admin","image":{"@type":"ImageObject","inLanguage":"en-US","@id":"https:\/\/bookly.pxltest.hu\/en\/#\/schema\/person\/image\/","url":"https:\/\/secure.gravatar.com\/avatar\/0b3ccf8dc34c32095050036e64d9b114c2db03daea221e1e7739d1d82c4a234a?s=96&d=mm&r=g","contentUrl":"https:\/\/secure.gravatar.com\/avatar\/0b3ccf8dc34c32095050036e64d9b114c2db03daea221e1e7739d1d82c4a234a?s=96&d=mm&r=g","caption":"admin"},"sameAs":["https:\/\/bookly.pxltest.hu"],"url":"https:\/\/bookly.pxltest.hu\/en\/author\/plpk_bookly\/"}]}},"_links":{"self":[{"href":"https:\/\/bookly.pxltest.hu\/en\/wp-json\/wp\/v2\/posts\/465","targetHints":{"allow":["GET"]}}],"collection":[{"href":"https:\/\/bookly.pxltest.hu\/en\/wp-json\/wp\/v2\/posts"}],"about":[{"href":"https:\/\/bookly.pxltest.hu\/en\/wp-json\/wp\/v2\/types\/post"}],"author":[{"embeddable":true,"href":"https:\/\/bookly.pxltest.hu\/en\/wp-json\/wp\/v2\/users\/1"}],"replies":[{"embeddable":true,"href":"https:\/\/bookly.pxltest.hu\/en\/wp-json\/wp\/v2\/comments?post=465"}],"version-history":[{"count":4,"href":"https:\/\/bookly.pxltest.hu\/en\/wp-json\/wp\/v2\/posts\/465\/revisions"}],"predecessor-version":[{"id":29449,"href":"https:\/\/bookly.pxltest.hu\/en\/wp-json\/wp\/v2\/posts\/465\/revisions\/29449"}],"wp:featuredmedia":[{"embeddable":true,"href":"https:\/\/bookly.pxltest.hu\/en\/wp-json\/wp\/v2\/media\/29446"}],"wp:attachment":[{"href":"https:\/\/bookly.pxltest.hu\/en\/wp-json\/wp\/v2\/media?parent=465"}],"wp:term":[{"taxonomy":"category","embeddable":true,"href":"https:\/\/bookly.pxltest.hu\/en\/wp-json\/wp\/v2\/categories?post=465"},{"taxonomy":"post_tag","embeddable":true,"href":"https:\/\/bookly.pxltest.hu\/en\/wp-json\/wp\/v2\/tags?post=465"}],"curies":[{"name":"wp","href":"https:\/\/api.w.org\/{rel}","templated":true}]}}